{"id":4456,"date":"2020-11-13T16:02:51","date_gmt":"2020-11-13T15:02:51","guid":{"rendered":"https:\/\/www.soletanchefreyssinet.com\/?p=4456"},"modified":"2020-11-13T16:02:52","modified_gmt":"2020-11-13T15:02:52","slug":"soletanche-freyssinet-en-camino-hacia-sus-objetivos-ambientales","status":"publish","type":"post","link":"https:\/\/www.soletanchefreyssinet.com\/es\/2020\/11\/13\/soletanche-freyssinet-en-camino-hacia-sus-objetivos-ambientales\/","title":{"rendered":"Soletanche Freyssinet en camino hacia sus  objetivos ambientales!"},"content":{"rendered":"<p><div class=\"fusion-fullwidth fullwidth-box fusion-builder-row-1 nonhundred-percent-fullwidth non-hundred-percent-height-scrolling\" style=\"--awb-border-radius-top-left:0px;--awb-border-radius-top-right:0px;--awb-border-radius-bottom-right:0px;--awb-border-radius-bottom-left:0px;--awb-flex-wrap:wrap;\" ><div class=\"fusion-builder-row fusion-row\"><div class=\"fusion-layout-column fusion_builder_column fusion-builder-column-0 fusion_builder_column_1_1 1_1 fusion-one-full fusion-column-first fusion-column-last\" style=\"--awb-padding-right:0%;--awb-padding-left:0%;--awb-bg-size:cover;\"><div class=\"fusion-column-wrapper fusion-column-has-shadow fusion-flex-column-wrapper-legacy\"><div class=\"fusion-image-element fusion-image-align-center in-legacy-container\" style=\"text-align:center;--awb-caption-title-font-family:var(--h2_typography-font-family);--awb-caption-title-font-weight:var(--h2_typography-font-weight);--awb-caption-title-font-style:var(--h2_typography-font-style);--awb-caption-title-size:var(--h2_typography-font-size);--awb-caption-title-transform:var(--h2_typography-text-transform);--awb-caption-title-line-height:var(--h2_typography-line-height);--awb-caption-title-letter-spacing:var(--h2_typography-letter-spacing);\"><div class=\"imageframe-align-center\"><span class=\" fusion-imageframe imageframe-none imageframe-1 hover-type-none\"><img decoding=\"async\" width=\"577\" height=\"611\" title=\"CORP_formation QSE\" src=\"https:\/\/www.soletanchefreyssinet.com\/wp-content\/uploads\/2020\/11\/CORP_formation-QSE.png\" data-orig-src=\"https:\/\/www.soletanchefreyssinet.com\/wp-content\/uploads\/2020\/11\/CORP_formation-QSE.png\" alt class=\"lazyload img-responsive wp-image-4450\" srcset=\"data:image\/svg+xml,%3Csvg%20xmlns%3D%27http%3A%2F%2Fwww.w3.org%2F2000%2Fsvg%27%20width%3D%27577%27%20height%3D%27611%27%20viewBox%3D%270%200%20577%20611%27%3E%3Crect%20width%3D%27577%27%20height%3D%27611%27%20fill-opacity%3D%220%22%2F%3E%3C%2Fsvg%3E\" data-srcset=\"https:\/\/www.soletanchefreyssinet.com\/wp-content\/uploads\/2020\/11\/CORP_formation-QSE-200x212.png 200w, https:\/\/www.soletanchefreyssinet.com\/wp-content\/uploads\/2020\/11\/CORP_formation-QSE-400x424.png 400w, https:\/\/www.soletanchefreyssinet.com\/wp-content\/uploads\/2020\/11\/CORP_formation-QSE.png 577w\" data-sizes=\"auto\" data-orig-sizes=\"(max-width: 800px) 100vw, 577px\" \/><\/span><\/div><\/div><div class=\"fusion-sep-clear\"><\/div><div class=\"fusion-separator fusion-full-width-sep\" style=\"margin-left: auto;margin-right: auto;margin-top:20px;width:100%;\"><\/div><div class=\"fusion-sep-clear\"><\/div><div class=\"fusion-clearfix\"><\/div><\/div><\/div><\/div><\/div><div class=\"fusion-fullwidth fullwidth-box fusion-builder-row-2 nonhundred-percent-fullwidth non-hundred-percent-height-scrolling\" style=\"--awb-background-position:left top;--awb-border-sizes-top:0px;--awb-border-sizes-bottom:0px;--awb-border-sizes-left:0px;--awb-border-sizes-right:0px;--awb-border-radius-top-left:0px;--awb-border-radius-top-right:0px;--awb-border-radius-bottom-right:0px;--awb-border-radius-bottom-left:0px;--awb-padding-top:20px;--awb-padding-bottom:20px;--awb-flex-wrap:wrap;\" ><div class=\"fusion-builder-row fusion-row\"><div class=\"fusion-layout-column fusion_builder_column fusion-builder-column-1 fusion_builder_column_1_1 1_1 fusion-one-full fusion-column-first fusion-column-last\" style=\"--awb-bg-size:cover;\"><div class=\"fusion-column-wrapper fusion-column-has-shadow fusion-flex-column-wrapper-legacy\"><div class=\"fusion-text fusion-text-1\"><p>Con una meta de reducci\u00f3n de sus emisiones de CO2 del 40% hacia el 2030, \u00a1Soletanche Freyssinet puso la barra alto!<\/p>\n<p>Es en el marco de ese ambicioso objetivo que el grupo lanz\u00f3 una capacitaci\u00f3n destinada, en un primer tiempo, a los representantes QSE (Calidad Seguridad Medio Ambiente) llamada \u00abAmbici\u00f3n Medio Ambiente\u00bb.<\/p>\n<p><span data-offset-key=\"fbvp9-5-0\">As\u00ed es como el grupo quiere construir una red de referentes del medio ambiente, con una visi\u00f3n com\u00fan de su nueva ambici\u00f3n medioambiental y con bases de conocimiento y herramientas comunes para acompa\u00f1ar mejor a las filiales en todo el mundo e incentivar las iniciativas individuales y colectivas para el medio ambiente.<\/span><\/p>\n<p>#greenisgreat<\/p>\n<\/div><div class=\"fusion-clearfix\"><\/div><\/div><\/div><\/div><\/div><\/p>\n","protected":false},"excerpt":{"rendered":"<p>Corporate : una primera capacitaci\u00f3n de los colaboradores QSE a las problem\u00e1ticas medio ambientales para crear una red de embajadores en las filiales.<\/p>\n","protected":false},"author":4,"featured_media":4603,"comment_status":"open","ping_status":"open","sticky":false,"template":"","format":"standard","meta":{"_acf_changed":false,"inline_featured_image":false,"footnotes":""},"categories":[177,123,185,125,137,115,127,129,131,133,135],"tags":[],"class_list":["post-4456","post","type-post","status-publish","format-standard","has-post-thumbnail","hentry","category-greeenisgreat-es","category-activskeen-es","category-corporate-es","category-freyssinet-es","category-terre-armee-es","category-medio-ambiente","category-menard-es","category-nuvia-es","category-sixense-es","category-soletanche-bachy-es","category-soletanche-freyssinet-es"],"acf":[],"yoast_head":"<!-- This site is optimized with the Yoast SEO plugin v27.2 - https:\/\/yoast.com\/product\/yoast-seo-wordpress\/ -->\n<title>Soletanche Freyssinet en camino hacia sus objetivos ambientales<\/title>\n<meta name=\"description\" content=\"Una primera capacitaci\u00f3n de los colaboradores QSE a las problem\u00e1ticas medio ambientales para crear una red de embajadores en las filiales.\" \/>\n<meta name=\"robots\" content=\"index, follow, max-snippet:-1, max-image-preview:large, max-video-preview:-1\" \/>\n<link rel=\"canonical\" href=\"https:\/\/www.soletanchefreyssinet.com\/es\/2020\/11\/13\/soletanche-freyssinet-en-camino-hacia-sus-objetivos-ambientales\/\" \/>\n<meta property=\"og:locale\" content=\"es_ES\" \/>\n<meta property=\"og:type\" content=\"article\" \/>\n<meta property=\"og:title\" content=\"Soletanche Freyssinet en camino hacia sus objetivos ambientales\" \/>\n<meta property=\"og:description\" content=\"Una primera capacitaci\u00f3n de los colaboradores QSE a las problem\u00e1ticas medio ambientales para crear una red de embajadores en las filiales.\" \/>\n<meta property=\"og:url\" content=\"https:\/\/www.soletanchefreyssinet.com\/es\/2020\/11\/13\/soletanche-freyssinet-en-camino-hacia-sus-objetivos-ambientales\/\" \/>\n<meta property=\"og:site_name\" content=\"Soletanche Freyssinet\" \/>\n<meta property=\"article:publisher\" content=\"https:\/\/www.facebook.com\/soletanchefreyssinet.group\" \/>\n<meta property=\"article:published_time\" content=\"2020-11-13T15:02:51+00:00\" \/>\n<meta property=\"article:modified_time\" content=\"2020-11-13T15:02:52+00:00\" \/>\n<meta property=\"og:image\" content=\"https:\/\/www.soletanchefreyssinet.com\/wp-content\/uploads\/2020\/11\/CORP_formation-QSE_vignette.png\" \/>\n\t<meta property=\"og:image:width\" content=\"319\" \/>\n\t<meta property=\"og:image:height\" content=\"201\" \/>\n\t<meta property=\"og:image:type\" content=\"image\/png\" \/>\n<meta name=\"author\" content=\"magali mounier.deverot\" \/>\n<meta name=\"twitter:card\" content=\"summary_large_image\" \/>\n<script type=\"application\/ld+json\" class=\"yoast-schema-graph\">{\"@context\":\"https:\/\/schema.org\",\"@graph\":[{\"@type\":\"Article\",\"@id\":\"https:\/\/www.soletanchefreyssinet.com\/es\/2020\/11\/13\/soletanche-freyssinet-en-camino-hacia-sus-objetivos-ambientales\/#article\",\"isPartOf\":{\"@id\":\"https:\/\/www.soletanchefreyssinet.com\/es\/2020\/11\/13\/soletanche-freyssinet-en-camino-hacia-sus-objetivos-ambientales\/\"},\"author\":{\"name\":\"magali mounier.deverot\",\"@id\":\"https:\/\/www.soletanchefreyssinet.com\/es\/#\/schema\/person\/97bb4fa2cbc8d8cb817569e75b53e7d0\"},\"headline\":\"Soletanche Freyssinet en camino hacia sus objetivos ambientales!\",\"datePublished\":\"2020-11-13T15:02:51+00:00\",\"dateModified\":\"2020-11-13T15:02:52+00:00\",\"mainEntityOfPage\":{\"@id\":\"https:\/\/www.soletanchefreyssinet.com\/es\/2020\/11\/13\/soletanche-freyssinet-en-camino-hacia-sus-objetivos-ambientales\/\"},\"wordCount\":973,\"commentCount\":0,\"publisher\":{\"@id\":\"https:\/\/www.soletanchefreyssinet.com\/es\/#organization\"},\"image\":{\"@id\":\"https:\/\/www.soletanchefreyssinet.com\/es\/2020\/11\/13\/soletanche-freyssinet-en-camino-hacia-sus-objetivos-ambientales\/#primaryimage\"},\"thumbnailUrl\":\"https:\/\/www.soletanchefreyssinet.com\/wp-content\/uploads\/2020\/11\/CORP_formation-QSE_vignette.png\",\"articleSection\":[\"#greeenisgreat\",\"ActivSkeen\",\"Corporate\",\"Freyssinet\",\"Geoquest\",\"Medio ambiente\",\"Menard\",\"Nuvia\",\"Sixense\",\"Soletanche Bachy\",\"Soletanche Freyssinet\"],\"inLanguage\":\"es\",\"potentialAction\":[{\"@type\":\"CommentAction\",\"name\":\"Comment\",\"target\":[\"https:\/\/www.soletanchefreyssinet.com\/es\/2020\/11\/13\/soletanche-freyssinet-en-camino-hacia-sus-objetivos-ambientales\/#respond\"]}]},{\"@type\":\"WebPage\",\"@id\":\"https:\/\/www.soletanchefreyssinet.com\/es\/2020\/11\/13\/soletanche-freyssinet-en-camino-hacia-sus-objetivos-ambientales\/\",\"url\":\"https:\/\/www.soletanchefreyssinet.com\/es\/2020\/11\/13\/soletanche-freyssinet-en-camino-hacia-sus-objetivos-ambientales\/\",\"name\":\"Soletanche Freyssinet en camino hacia sus objetivos ambientales\",\"isPartOf\":{\"@id\":\"https:\/\/www.soletanchefreyssinet.com\/es\/#website\"},\"primaryImageOfPage\":{\"@id\":\"https:\/\/www.soletanchefreyssinet.com\/es\/2020\/11\/13\/soletanche-freyssinet-en-camino-hacia-sus-objetivos-ambientales\/#primaryimage\"},\"image\":{\"@id\":\"https:\/\/www.soletanchefreyssinet.com\/es\/2020\/11\/13\/soletanche-freyssinet-en-camino-hacia-sus-objetivos-ambientales\/#primaryimage\"},\"thumbnailUrl\":\"https:\/\/www.soletanchefreyssinet.com\/wp-content\/uploads\/2020\/11\/CORP_formation-QSE_vignette.png\",\"datePublished\":\"2020-11-13T15:02:51+00:00\",\"dateModified\":\"2020-11-13T15:02:52+00:00\",\"description\":\"Una primera capacitaci\u00f3n de los colaboradores QSE a las problem\u00e1ticas medio ambientales para crear una red de embajadores en las filiales.\",\"breadcrumb\":{\"@id\":\"https:\/\/www.soletanchefreyssinet.com\/es\/2020\/11\/13\/soletanche-freyssinet-en-camino-hacia-sus-objetivos-ambientales\/#breadcrumb\"},\"inLanguage\":\"es\",\"potentialAction\":[{\"@type\":\"ReadAction\",\"target\":[\"https:\/\/www.soletanchefreyssinet.com\/es\/2020\/11\/13\/soletanche-freyssinet-en-camino-hacia-sus-objetivos-ambientales\/\"]}]},{\"@type\":\"ImageObject\",\"inLanguage\":\"es\",\"@id\":\"https:\/\/www.soletanchefreyssinet.com\/es\/2020\/11\/13\/soletanche-freyssinet-en-camino-hacia-sus-objetivos-ambientales\/#primaryimage\",\"url\":\"https:\/\/www.soletanchefreyssinet.com\/wp-content\/uploads\/2020\/11\/CORP_formation-QSE_vignette.png\",\"contentUrl\":\"https:\/\/www.soletanchefreyssinet.com\/wp-content\/uploads\/2020\/11\/CORP_formation-QSE_vignette.png\",\"width\":319,\"height\":201},{\"@type\":\"BreadcrumbList\",\"@id\":\"https:\/\/www.soletanchefreyssinet.com\/es\/2020\/11\/13\/soletanche-freyssinet-en-camino-hacia-sus-objetivos-ambientales\/#breadcrumb\",\"itemListElement\":[{\"@type\":\"ListItem\",\"position\":1,\"name\":\"Accueil\",\"item\":\"https:\/\/www.soletanchefreyssinet.com\/es\/\"},{\"@type\":\"ListItem\",\"position\":2,\"name\":\"Soletanche Freyssinet en camino hacia sus objetivos ambientales!\"}]},{\"@type\":\"WebSite\",\"@id\":\"https:\/\/www.soletanchefreyssinet.com\/es\/#website\",\"url\":\"https:\/\/www.soletanchefreyssinet.com\/es\/\",\"name\":\"Soletanche Freyssinet\",\"description\":\"Leader mondial dans les m\u00e9tiers du sol, des structures et du nucl\u00e9aire\",\"publisher\":{\"@id\":\"https:\/\/www.soletanchefreyssinet.com\/es\/#organization\"},\"potentialAction\":[{\"@type\":\"SearchAction\",\"target\":{\"@type\":\"EntryPoint\",\"urlTemplate\":\"https:\/\/www.soletanchefreyssinet.com\/es\/?s={search_term_string}\"},\"query-input\":{\"@type\":\"PropertyValueSpecification\",\"valueRequired\":true,\"valueName\":\"search_term_string\"}}],\"inLanguage\":\"es\"},{\"@type\":\"Organization\",\"@id\":\"https:\/\/www.soletanchefreyssinet.com\/es\/#organization\",\"name\":\"Soletanche freyssinet\",\"url\":\"https:\/\/www.soletanchefreyssinet.com\/es\/\",\"logo\":{\"@type\":\"ImageObject\",\"inLanguage\":\"es\",\"@id\":\"https:\/\/www.soletanchefreyssinet.com\/es\/#\/schema\/logo\/image\/\",\"url\":\"https:\/\/www.soletanchefreyssinet.com\/wp-content\/uploads\/2020\/07\/SOLETANCHE_FREYSSINET_BOT_GB_V_RVB.gif\",\"contentUrl\":\"https:\/\/www.soletanchefreyssinet.com\/wp-content\/uploads\/2020\/07\/SOLETANCHE_FREYSSINET_BOT_GB_V_RVB.gif\",\"width\":355,\"height\":162,\"caption\":\"Soletanche freyssinet\"},\"image\":{\"@id\":\"https:\/\/www.soletanchefreyssinet.com\/es\/#\/schema\/logo\/image\/\"},\"sameAs\":[\"https:\/\/www.facebook.com\/soletanchefreyssinet.group\"]},{\"@type\":\"Person\",\"@id\":\"https:\/\/www.soletanchefreyssinet.com\/es\/#\/schema\/person\/97bb4fa2cbc8d8cb817569e75b53e7d0\",\"name\":\"magali mounier.deverot\",\"image\":{\"@type\":\"ImageObject\",\"inLanguage\":\"es\",\"@id\":\"https:\/\/secure.gravatar.com\/avatar\/9f3f04120ffabb9384666c495233083d6a365780fcf86537762693219da80f99?s=96&d=mm&r=g\",\"url\":\"https:\/\/secure.gravatar.com\/avatar\/9f3f04120ffabb9384666c495233083d6a365780fcf86537762693219da80f99?s=96&d=mm&r=g\",\"contentUrl\":\"https:\/\/secure.gravatar.com\/avatar\/9f3f04120ffabb9384666c495233083d6a365780fcf86537762693219da80f99?s=96&d=mm&r=g\",\"caption\":\"magali mounier.deverot\"},\"url\":\"https:\/\/www.soletanchefreyssinet.com\/es\/author\/mmounier\/\"}]}<\/script>\n<!-- \/ Yoast SEO plugin. -->","yoast_head_json":{"title":"Soletanche Freyssinet en camino hacia sus objetivos ambientales","description":"Una primera capacitaci\u00f3n de los colaboradores QSE a las problem\u00e1ticas medio ambientales para crear una red de embajadores en las filiales.","robots":{"index":"index","follow":"follow","max-snippet":"max-snippet:-1","max-image-preview":"max-image-preview:large","max-video-preview":"max-video-preview:-1"},"canonical":"https:\/\/www.soletanchefreyssinet.com\/es\/2020\/11\/13\/soletanche-freyssinet-en-camino-hacia-sus-objetivos-ambientales\/","og_locale":"es_ES","og_type":"article","og_title":"Soletanche Freyssinet en camino hacia sus objetivos ambientales","og_description":"Una primera capacitaci\u00f3n de los colaboradores QSE a las problem\u00e1ticas medio ambientales para crear una red de embajadores en las filiales.","og_url":"https:\/\/www.soletanchefreyssinet.com\/es\/2020\/11\/13\/soletanche-freyssinet-en-camino-hacia-sus-objetivos-ambientales\/","og_site_name":"Soletanche Freyssinet","article_publisher":"https:\/\/www.facebook.com\/soletanchefreyssinet.group","article_published_time":"2020-11-13T15:02:51+00:00","article_modified_time":"2020-11-13T15:02:52+00:00","og_image":[{"width":319,"height":201,"url":"https:\/\/www.soletanchefreyssinet.com\/wp-content\/uploads\/2020\/11\/CORP_formation-QSE_vignette.png","type":"image\/png"}],"author":"magali mounier.deverot","twitter_card":"summary_large_image","schema":{"@context":"https:\/\/schema.org","@graph":[{"@type":"Article","@id":"https:\/\/www.soletanchefreyssinet.com\/es\/2020\/11\/13\/soletanche-freyssinet-en-camino-hacia-sus-objetivos-ambientales\/#article","isPartOf":{"@id":"https:\/\/www.soletanchefreyssinet.com\/es\/2020\/11\/13\/soletanche-freyssinet-en-camino-hacia-sus-objetivos-ambientales\/"},"author":{"name":"magali mounier.deverot","@id":"https:\/\/www.soletanchefreyssinet.com\/es\/#\/schema\/person\/97bb4fa2cbc8d8cb817569e75b53e7d0"},"headline":"Soletanche Freyssinet en camino hacia sus objetivos ambientales!","datePublished":"2020-11-13T15:02:51+00:00","dateModified":"2020-11-13T15:02:52+00:00","mainEntityOfPage":{"@id":"https:\/\/www.soletanchefreyssinet.com\/es\/2020\/11\/13\/soletanche-freyssinet-en-camino-hacia-sus-objetivos-ambientales\/"},"wordCount":973,"commentCount":0,"publisher":{"@id":"https:\/\/www.soletanchefreyssinet.com\/es\/#organization"},"image":{"@id":"https:\/\/www.soletanchefreyssinet.com\/es\/2020\/11\/13\/soletanche-freyssinet-en-camino-hacia-sus-objetivos-ambientales\/#primaryimage"},"thumbnailUrl":"https:\/\/www.soletanchefreyssinet.com\/wp-content\/uploads\/2020\/11\/CORP_formation-QSE_vignette.png","articleSection":["#greeenisgreat","ActivSkeen","Corporate","Freyssinet","Geoquest","Medio ambiente","Menard","Nuvia","Sixense","Soletanche Bachy","Soletanche Freyssinet"],"inLanguage":"es","potentialAction":[{"@type":"CommentAction","name":"Comment","target":["https:\/\/www.soletanchefreyssinet.com\/es\/2020\/11\/13\/soletanche-freyssinet-en-camino-hacia-sus-objetivos-ambientales\/#respond"]}]},{"@type":"WebPage","@id":"https:\/\/www.soletanchefreyssinet.com\/es\/2020\/11\/13\/soletanche-freyssinet-en-camino-hacia-sus-objetivos-ambientales\/","url":"https:\/\/www.soletanchefreyssinet.com\/es\/2020\/11\/13\/soletanche-freyssinet-en-camino-hacia-sus-objetivos-ambientales\/","name":"Soletanche Freyssinet en camino hacia sus objetivos ambientales","isPartOf":{"@id":"https:\/\/www.soletanchefreyssinet.com\/es\/#website"},"primaryImageOfPage":{"@id":"https:\/\/www.soletanchefreyssinet.com\/es\/2020\/11\/13\/soletanche-freyssinet-en-camino-hacia-sus-objetivos-ambientales\/#primaryimage"},"image":{"@id":"https:\/\/www.soletanchefreyssinet.com\/es\/2020\/11\/13\/soletanche-freyssinet-en-camino-hacia-sus-objetivos-ambientales\/#primaryimage"},"thumbnailUrl":"https:\/\/www.soletanchefreyssinet.com\/wp-content\/uploads\/2020\/11\/CORP_formation-QSE_vignette.png","datePublished":"2020-11-13T15:02:51+00:00","dateModified":"2020-11-13T15:02:52+00:00","description":"Una primera capacitaci\u00f3n de los colaboradores QSE a las problem\u00e1ticas medio ambientales para crear una red de embajadores en las filiales.","breadcrumb":{"@id":"https:\/\/www.soletanchefreyssinet.com\/es\/2020\/11\/13\/soletanche-freyssinet-en-camino-hacia-sus-objetivos-ambientales\/#breadcrumb"},"inLanguage":"es","potentialAction":[{"@type":"ReadAction","target":["https:\/\/www.soletanchefreyssinet.com\/es\/2020\/11\/13\/soletanche-freyssinet-en-camino-hacia-sus-objetivos-ambientales\/"]}]},{"@type":"ImageObject","inLanguage":"es","@id":"https:\/\/www.soletanchefreyssinet.com\/es\/2020\/11\/13\/soletanche-freyssinet-en-camino-hacia-sus-objetivos-ambientales\/#primaryimage","url":"https:\/\/www.soletanchefreyssinet.com\/wp-content\/uploads\/2020\/11\/CORP_formation-QSE_vignette.png","contentUrl":"https:\/\/www.soletanchefreyssinet.com\/wp-content\/uploads\/2020\/11\/CORP_formation-QSE_vignette.png","width":319,"height":201},{"@type":"BreadcrumbList","@id":"https:\/\/www.soletanchefreyssinet.com\/es\/2020\/11\/13\/soletanche-freyssinet-en-camino-hacia-sus-objetivos-ambientales\/#breadcrumb","itemListElement":[{"@type":"ListItem","position":1,"name":"Accueil","item":"https:\/\/www.soletanchefreyssinet.com\/es\/"},{"@type":"ListItem","position":2,"name":"Soletanche Freyssinet en camino hacia sus objetivos ambientales!"}]},{"@type":"WebSite","@id":"https:\/\/www.soletanchefreyssinet.com\/es\/#website","url":"https:\/\/www.soletanchefreyssinet.com\/es\/","name":"Soletanche Freyssinet","description":"Leader mondial dans les m\u00e9tiers du sol, des structures et du nucl\u00e9aire","publisher":{"@id":"https:\/\/www.soletanchefreyssinet.com\/es\/#organization"},"potentialAction":[{"@type":"SearchAction","target":{"@type":"EntryPoint","urlTemplate":"https:\/\/www.soletanchefreyssinet.com\/es\/?s={search_term_string}"},"query-input":{"@type":"PropertyValueSpecification","valueRequired":true,"valueName":"search_term_string"}}],"inLanguage":"es"},{"@type":"Organization","@id":"https:\/\/www.soletanchefreyssinet.com\/es\/#organization","name":"Soletanche freyssinet","url":"https:\/\/www.soletanchefreyssinet.com\/es\/","logo":{"@type":"ImageObject","inLanguage":"es","@id":"https:\/\/www.soletanchefreyssinet.com\/es\/#\/schema\/logo\/image\/","url":"https:\/\/www.soletanchefreyssinet.com\/wp-content\/uploads\/2020\/07\/SOLETANCHE_FREYSSINET_BOT_GB_V_RVB.gif","contentUrl":"https:\/\/www.soletanchefreyssinet.com\/wp-content\/uploads\/2020\/07\/SOLETANCHE_FREYSSINET_BOT_GB_V_RVB.gif","width":355,"height":162,"caption":"Soletanche freyssinet"},"image":{"@id":"https:\/\/www.soletanchefreyssinet.com\/es\/#\/schema\/logo\/image\/"},"sameAs":["https:\/\/www.facebook.com\/soletanchefreyssinet.group"]},{"@type":"Person","@id":"https:\/\/www.soletanchefreyssinet.com\/es\/#\/schema\/person\/97bb4fa2cbc8d8cb817569e75b53e7d0","name":"magali mounier.deverot","image":{"@type":"ImageObject","inLanguage":"es","@id":"https:\/\/secure.gravatar.com\/avatar\/9f3f04120ffabb9384666c495233083d6a365780fcf86537762693219da80f99?s=96&d=mm&r=g","url":"https:\/\/secure.gravatar.com\/avatar\/9f3f04120ffabb9384666c495233083d6a365780fcf86537762693219da80f99?s=96&d=mm&r=g","contentUrl":"https:\/\/secure.gravatar.com\/avatar\/9f3f04120ffabb9384666c495233083d6a365780fcf86537762693219da80f99?s=96&d=mm&r=g","caption":"magali mounier.deverot"},"url":"https:\/\/www.soletanchefreyssinet.com\/es\/author\/mmounier\/"}]}},"_links":{"self":[{"href":"https:\/\/www.soletanchefreyssinet.com\/es\/wp-json\/wp\/v2\/posts\/4456","targetHints":{"allow":["GET"]}}],"collection":[{"href":"https:\/\/www.soletanchefreyssinet.com\/es\/wp-json\/wp\/v2\/posts"}],"about":[{"href":"https:\/\/www.soletanchefreyssinet.com\/es\/wp-json\/wp\/v2\/types\/post"}],"author":[{"embeddable":true,"href":"https:\/\/www.soletanchefreyssinet.com\/es\/wp-json\/wp\/v2\/users\/4"}],"replies":[{"embeddable":true,"href":"https:\/\/www.soletanchefreyssinet.com\/es\/wp-json\/wp\/v2\/comments?post=4456"}],"version-history":[{"count":0,"href":"https:\/\/www.soletanchefreyssinet.com\/es\/wp-json\/wp\/v2\/posts\/4456\/revisions"}],"wp:featuredmedia":[{"embeddable":true,"href":"https:\/\/www.soletanchefreyssinet.com\/es\/wp-json\/wp\/v2\/media\/4603"}],"wp:attachment":[{"href":"https:\/\/www.soletanchefreyssinet.com\/es\/wp-json\/wp\/v2\/media?parent=4456"}],"wp:term":[{"taxonomy":"category","embeddable":true,"href":"https:\/\/www.soletanchefreyssinet.com\/es\/wp-json\/wp\/v2\/categories?post=4456"},{"taxonomy":"post_tag","embeddable":true,"href":"https:\/\/www.soletanchefreyssinet.com\/es\/wp-json\/wp\/v2\/tags?post=4456"}],"curies":[{"name":"wp","href":"https:\/\/api.w.org\/{rel}","templated":true}]}}